{"id":8598,"date":"2025-05-26T17:19:07","date_gmt":"2025-05-26T16:19:07","guid":{"rendered":"https:\/\/www.guillaumeverdier.com\/?p=8598"},"modified":"2025-05-26T17:34:32","modified_gmt":"2025-05-26T16:34:32","slug":"podcast-into-the-wind-guillaume-verdier-the-architect-behind-the-greatest-wins","status":"publish","type":"post","link":"https:\/\/www.guillaumeverdier.com\/en\/podcast-into-the-wind-guillaume-verdier-the-architect-behind-the-greatest-wins\/","title":{"rendered":"Podcast. Into the Wind\/ Guillaume Verdier: The Architect Behind the Greatest Wins"},"content":{"rendered":"<p data-start=\"152\" data-end=\"625\"><strong>He speaks in a calm and quiet voice, yet every intonation reveals deep conviction and a passion for his craft \u2014 which he recounts with remarkable perspective. At 54, Guillaume Verdier is a star of naval architecture. His boats have won almost everything. The Vend\u00e9e Globe winner, <em data-start=\"432\" data-end=\"456\">Macif Sant\u00e9 Pr\u00e9voyance<\/em>? That was him. The Ocean Race winner, <em data-start=\"495\" data-end=\"513\">11th Hour Racing<\/em>? Him again. The Route du Rhum and Ark\u00e9a Ultim Challenge Brest winner, <em data-start=\"584\" data-end=\"611\">Maxi Edmond de Rothschild<\/em>? Still him.<\/strong><\/p>\n<p data-start=\"627\" data-end=\"1087\"><strong>And the list goes on \u2014 his designs have crossed the finish line first in the Mini, Class40, Multi50 classes, and beyond. Not to mention the America\u2019s Cup, where he has been part of <em data-start=\"808\" data-end=\"826\">Team New Zealand<\/em> since 2010. People talk about \u201cVerdier designs,\u201d but he himself only speaks of his team \u2014 a group of about fifteen experts from every corner of naval architecture, whom he\u2019s worked with for many years, and whom he lists with care, anxious not to forget anyone.<\/strong><\/p>\n<p data-start=\"1089\" data-end=\"1773\">It all started in a holiday camp in Logonna-Daoulas, deep in the Bay of Brest, where he discovered sailing. He loved nature, but never developed a passion for racing on the water himself. Originally on track for France\u2019s top engineering schools, he changed direction after preparatory classes and enrolled at the School of Architecture in Southampton, then completed his studies at a neighboring university. A stint at the University of Copenhagen followed, before he joined Finot-Conq in 1997, back when the renowned Jouy-en-Josas-based firm dominated the Vend\u00e9e Globe. He learned the trade there over four years, working on a string of IMOCA projects before striking out on his own.<\/p>\n<p data-start=\"1775\" data-end=\"2211\">Next came the innovative <em data-start=\"1800\" data-end=\"1814\">Hydraplaneur<\/em> project with Yves Parlier, where he met many of the collaborators who are still by his side today: Benjamin Muyl, Herv\u00e9 Penfornis, and Romaric Neyhousser\u2026 After a first notable involvement in the America\u2019s Cup with Areva Challenge in 2007, he began a fruitful collaboration with VPLP, who were just entering the IMOCA scene. Their first creation, <em data-start=\"2162\" data-end=\"2170\">Safran<\/em>, was a game-changer \u2014 the first of many.<\/p>\n<p data-start=\"2213\" data-end=\"2453\">In 2010, he joined one of the world\u2019s most prestigious teams: <em data-start=\"2275\" data-end=\"2293\">Team New Zealand<\/em>, the All Blacks of sailing. With them, he would first lose (in 2013), then win the America\u2019s Cup \u2014 in 2017 and again in 2021. A deeply meaningful experience.<\/p>\n<p data-start=\"2455\" data-end=\"2769\">At the same time, he has continued designing an impressive number of boats: IMOCAs (now without VPLP), but also Minis, Class40s, and Ultims. After <em data-start=\"2602\" data-end=\"2613\">Gitana 17<\/em>, a yacht that defined its era, his next major launch is <em data-start=\"2670\" data-end=\"2681\">Gitana 18<\/em>.<br data-start=\"2682\" data-end=\"2685\" \/>There\u2019s no doubt that this new creation by Verdier &amp; Co. will once again make waves.<\/p>\n<div class='avia-iframe-wrap'><iframe loading=\"lazy\" title=\"#113 Guillaume Verdier, architecte naval en bande organis\u00e9e\" width=\"1500\" height=\"844\" src=\"https:\/\/www.youtube.com\/embed\/K0JwiW2D5v4?feature=oembed\" frameborder=\"0\" allow=\"accelerometer; autoplay; clipboard-write; encrypted-media; gyroscope; picture-in-picture; web-share\" referrerpolicy=\"strict-origin-when-cross-origin\" allowfullscreen><\/iframe><\/div>\n","protected":false},"excerpt":{"rendered":"<p>He speaks in a calm and quiet voice, yet every intonation reveals deep conviction and a passion for his craft \u2014 which he recounts with remarkable perspective. At 54, Guillaume Verdier is a star of naval architecture. His boats have won almost everything. The Vend\u00e9e Globe winner, Macif Sant\u00e9 Pr\u00e9voyance? That was him. The Ocean [&hellip;]<\/p>\n","protected":false},"author":3,"featured_media":8599,"comment_status":"closed","ping_status":"open","sticky":false,"template":"","format":"standard","meta":{"footnotes":""},"categories":[179,178],"tags":[],"class_list":["post-8598","post","type-post","status-publish","format-standard","has-post-thumbnail","hentry","category-en_news","category-en_newscast"],"yoast_head":"<!-- This site is optimized with the Yoast SEO plugin v26.8 - https:\/\/yoast.com\/product\/yoast-seo-wordpress\/ -->\n<title>Podcast. Into the Wind\/ Guillaume Verdier: The Architect Behind the Greatest Wins - Guillaume Verdier<\/title>\n<meta name=\"robots\" content=\"index, follow, max-snippet:-1, max-image-preview:large, max-video-preview:-1\" \/>\n<link rel=\"canonical\" href=\"https:\/\/www.guillaumeverdier.com\/en\/podcast-into-the-wind-guillaume-verdier-the-architect-behind-the-greatest-wins\/\" \/>\n<meta property=\"og:locale\" content=\"en_US\" \/>\n<meta property=\"og:type\" content=\"article\" \/>\n<meta property=\"og:title\" content=\"Podcast. Into the Wind\/ Guillaume Verdier: The Architect Behind the Greatest Wins - Guillaume Verdier\" \/>\n<meta property=\"og:description\" content=\"He speaks in a calm and quiet voice, yet every intonation reveals deep conviction and a passion for his craft \u2014 which he recounts with remarkable perspective. At 54, Guillaume Verdier is a star of naval architecture. His boats have won almost everything. The Vend\u00e9e Globe winner, Macif Sant\u00e9 Pr\u00e9voyance? That was him. The Ocean [&hellip;]\" \/>\n<meta property=\"og:url\" content=\"https:\/\/www.guillaumeverdier.com\/en\/podcast-into-the-wind-guillaume-verdier-the-architect-behind-the-greatest-wins\/\" \/>\n<meta property=\"og:site_name\" content=\"Guillaume Verdier\" \/>\n<meta property=\"article:published_time\" content=\"2025-05-26T16:19:07+00:00\" \/>\n<meta property=\"article:modified_time\" content=\"2025-05-26T16:34:32+00:00\" \/>\n<meta property=\"og:image\" content=\"https:\/\/www.guillaumeverdier.com\/wp-content\/uploads\/2014\/12\/Logo-Guillaume-Verdier-architecture-navale-retina-NEW.png\" \/>\n\t<meta property=\"og:image:width\" content=\"500\" \/>\n\t<meta property=\"og:image:height\" content=\"200\" \/>\n\t<meta property=\"og:image:type\" content=\"image\/png\" \/>\n<meta name=\"author\" content=\"CT_LaColloc\" \/>\n<meta name=\"twitter:label1\" content=\"Written by\" \/>\n\t<meta name=\"twitter:data1\" content=\"CT_LaColloc\" \/>\n\t<meta name=\"twitter:label2\" content=\"Est. reading time\" \/>\n\t<meta name=\"twitter:data2\" content=\"3 minutes\" \/>\n<script type=\"application\/ld+json\" class=\"yoast-schema-graph\">{\"@context\":\"https:\/\/schema.org\",\"@graph\":[{\"@type\":\"Article\",\"@id\":\"https:\/\/www.guillaumeverdier.com\/en\/podcast-into-the-wind-guillaume-verdier-the-architect-behind-the-greatest-wins\/#article\",\"isPartOf\":{\"@id\":\"https:\/\/www.guillaumeverdier.com\/en\/podcast-into-the-wind-guillaume-verdier-the-architect-behind-the-greatest-wins\/\"},\"author\":{\"name\":\"CT_LaColloc\",\"@id\":\"https:\/\/www.guillaumeverdier.com\/#\/schema\/person\/9aba4f6da95a77059bc22b1d2cd1feee\"},\"headline\":\"Podcast. Into the Wind\/ Guillaume Verdier: The Architect Behind the Greatest Wins\",\"datePublished\":\"2025-05-26T16:19:07+00:00\",\"dateModified\":\"2025-05-26T16:34:32+00:00\",\"mainEntityOfPage\":{\"@id\":\"https:\/\/www.guillaumeverdier.com\/en\/podcast-into-the-wind-guillaume-verdier-the-architect-behind-the-greatest-wins\/\"},\"wordCount\":460,\"image\":{\"@id\":\"https:\/\/www.guillaumeverdier.com\/en\/podcast-into-the-wind-guillaume-verdier-the-architect-behind-the-greatest-wins\/#primaryimage\"},\"thumbnailUrl\":\"https:\/\/www.guillaumeverdier.com\/wp-content\/uploads\/2014\/12\/Logo-Guillaume-Verdier-architecture-navale-retina-NEW.png\",\"articleSection\":[\"News\",\"Newscast\"],\"inLanguage\":\"en-US\"},{\"@type\":\"WebPage\",\"@id\":\"https:\/\/www.guillaumeverdier.com\/en\/podcast-into-the-wind-guillaume-verdier-the-architect-behind-the-greatest-wins\/\",\"url\":\"https:\/\/www.guillaumeverdier.com\/en\/podcast-into-the-wind-guillaume-verdier-the-architect-behind-the-greatest-wins\/\",\"name\":\"Podcast. Into the Wind\/ Guillaume Verdier: The Architect Behind the Greatest Wins - Guillaume Verdier\",\"isPartOf\":{\"@id\":\"https:\/\/www.guillaumeverdier.com\/#website\"},\"primaryImageOfPage\":{\"@id\":\"https:\/\/www.guillaumeverdier.com\/en\/podcast-into-the-wind-guillaume-verdier-the-architect-behind-the-greatest-wins\/#primaryimage\"},\"image\":{\"@id\":\"https:\/\/www.guillaumeverdier.com\/en\/podcast-into-the-wind-guillaume-verdier-the-architect-behind-the-greatest-wins\/#primaryimage\"},\"thumbnailUrl\":\"https:\/\/www.guillaumeverdier.com\/wp-content\/uploads\/2014\/12\/Logo-Guillaume-Verdier-architecture-navale-retina-NEW.png\",\"datePublished\":\"2025-05-26T16:19:07+00:00\",\"dateModified\":\"2025-05-26T16:34:32+00:00\",\"author\":{\"@id\":\"https:\/\/www.guillaumeverdier.com\/#\/schema\/person\/9aba4f6da95a77059bc22b1d2cd1feee\"},\"breadcrumb\":{\"@id\":\"https:\/\/www.guillaumeverdier.com\/en\/podcast-into-the-wind-guillaume-verdier-the-architect-behind-the-greatest-wins\/#breadcrumb\"},\"inLanguage\":\"en-US\",\"potentialAction\":[{\"@type\":\"ReadAction\",\"target\":[\"https:\/\/www.guillaumeverdier.com\/en\/podcast-into-the-wind-guillaume-verdier-the-architect-behind-the-greatest-wins\/\"]}]},{\"@type\":\"ImageObject\",\"inLanguage\":\"en-US\",\"@id\":\"https:\/\/www.guillaumeverdier.com\/en\/podcast-into-the-wind-guillaume-verdier-the-architect-behind-the-greatest-wins\/#primaryimage\",\"url\":\"https:\/\/www.guillaumeverdier.com\/wp-content\/uploads\/2014\/12\/Logo-Guillaume-Verdier-architecture-navale-retina-NEW.png\",\"contentUrl\":\"https:\/\/www.guillaumeverdier.com\/wp-content\/uploads\/2014\/12\/Logo-Guillaume-Verdier-architecture-navale-retina-NEW.png\",\"width\":500,\"height\":200,\"caption\":\"Logo Guillaume Verdier\"},{\"@type\":\"BreadcrumbList\",\"@id\":\"https:\/\/www.guillaumeverdier.com\/en\/podcast-into-the-wind-guillaume-verdier-the-architect-behind-the-greatest-wins\/#breadcrumb\",\"itemListElement\":[{\"@type\":\"ListItem\",\"position\":1,\"name\":\"Accueil\",\"item\":\"https:\/\/www.guillaumeverdier.com\/en\/\"},{\"@type\":\"ListItem\",\"position\":2,\"name\":\"Podcast. Into the Wind\/ Guillaume Verdier: The Architect Behind the Greatest Wins\"}]},{\"@type\":\"WebSite\",\"@id\":\"https:\/\/www.guillaumeverdier.com\/#website\",\"url\":\"https:\/\/www.guillaumeverdier.com\/\",\"name\":\"Guillaume Verdier\",\"description\":\"Architecture Navale\",\"potentialAction\":[{\"@type\":\"SearchAction\",\"target\":{\"@type\":\"EntryPoint\",\"urlTemplate\":\"https:\/\/www.guillaumeverdier.com\/?s={search_term_string}\"},\"query-input\":{\"@type\":\"PropertyValueSpecification\",\"valueRequired\":true,\"valueName\":\"search_term_string\"}}],\"inLanguage\":\"en-US\"},{\"@type\":\"Person\",\"@id\":\"https:\/\/www.guillaumeverdier.com\/#\/schema\/person\/9aba4f6da95a77059bc22b1d2cd1feee\",\"name\":\"CT_LaColloc\",\"image\":{\"@type\":\"ImageObject\",\"inLanguage\":\"en-US\",\"@id\":\"https:\/\/www.guillaumeverdier.com\/#\/schema\/person\/image\/\",\"url\":\"https:\/\/secure.gravatar.com\/avatar\/bd8e0fcb03a61641e39f6d08593c2e73?s=96&d=mm&r=g\",\"contentUrl\":\"https:\/\/secure.gravatar.com\/avatar\/bd8e0fcb03a61641e39f6d08593c2e73?s=96&d=mm&r=g\",\"caption\":\"CT_LaColloc\"},\"url\":\"https:\/\/www.guillaumeverdier.com\/en\/author\/al_lacolloc\/\"}]}<\/script>\n<!-- \/ Yoast SEO plugin. -->","yoast_head_json":{"title":"Podcast. Into the Wind\/ Guillaume Verdier: The Architect Behind the Greatest Wins - Guillaume Verdier","robots":{"index":"index","follow":"follow","max-snippet":"max-snippet:-1","max-image-preview":"max-image-preview:large","max-video-preview":"max-video-preview:-1"},"canonical":"https:\/\/www.guillaumeverdier.com\/en\/podcast-into-the-wind-guillaume-verdier-the-architect-behind-the-greatest-wins\/","og_locale":"en_US","og_type":"article","og_title":"Podcast. Into the Wind\/ Guillaume Verdier: The Architect Behind the Greatest Wins - Guillaume Verdier","og_description":"He speaks in a calm and quiet voice, yet every intonation reveals deep conviction and a passion for his craft \u2014 which he recounts with remarkable perspective. At 54, Guillaume Verdier is a star of naval architecture. His boats have won almost everything. The Vend\u00e9e Globe winner, Macif Sant\u00e9 Pr\u00e9voyance? That was him. The Ocean [&hellip;]","og_url":"https:\/\/www.guillaumeverdier.com\/en\/podcast-into-the-wind-guillaume-verdier-the-architect-behind-the-greatest-wins\/","og_site_name":"Guillaume Verdier","article_published_time":"2025-05-26T16:19:07+00:00","article_modified_time":"2025-05-26T16:34:32+00:00","og_image":[{"width":500,"height":200,"url":"https:\/\/www.guillaumeverdier.com\/wp-content\/uploads\/2014\/12\/Logo-Guillaume-Verdier-architecture-navale-retina-NEW.png","type":"image\/png"}],"author":"CT_LaColloc","twitter_misc":{"Written by":"CT_LaColloc","Est. reading time":"3 minutes"},"schema":{"@context":"https:\/\/schema.org","@graph":[{"@type":"Article","@id":"https:\/\/www.guillaumeverdier.com\/en\/podcast-into-the-wind-guillaume-verdier-the-architect-behind-the-greatest-wins\/#article","isPartOf":{"@id":"https:\/\/www.guillaumeverdier.com\/en\/podcast-into-the-wind-guillaume-verdier-the-architect-behind-the-greatest-wins\/"},"author":{"name":"CT_LaColloc","@id":"https:\/\/www.guillaumeverdier.com\/#\/schema\/person\/9aba4f6da95a77059bc22b1d2cd1feee"},"headline":"Podcast. Into the Wind\/ Guillaume Verdier: The Architect Behind the Greatest Wins","datePublished":"2025-05-26T16:19:07+00:00","dateModified":"2025-05-26T16:34:32+00:00","mainEntityOfPage":{"@id":"https:\/\/www.guillaumeverdier.com\/en\/podcast-into-the-wind-guillaume-verdier-the-architect-behind-the-greatest-wins\/"},"wordCount":460,"image":{"@id":"https:\/\/www.guillaumeverdier.com\/en\/podcast-into-the-wind-guillaume-verdier-the-architect-behind-the-greatest-wins\/#primaryimage"},"thumbnailUrl":"https:\/\/www.guillaumeverdier.com\/wp-content\/uploads\/2014\/12\/Logo-Guillaume-Verdier-architecture-navale-retina-NEW.png","articleSection":["News","Newscast"],"inLanguage":"en-US"},{"@type":"WebPage","@id":"https:\/\/www.guillaumeverdier.com\/en\/podcast-into-the-wind-guillaume-verdier-the-architect-behind-the-greatest-wins\/","url":"https:\/\/www.guillaumeverdier.com\/en\/podcast-into-the-wind-guillaume-verdier-the-architect-behind-the-greatest-wins\/","name":"Podcast. Into the Wind\/ Guillaume Verdier: The Architect Behind the Greatest Wins - Guillaume Verdier","isPartOf":{"@id":"https:\/\/www.guillaumeverdier.com\/#website"},"primaryImageOfPage":{"@id":"https:\/\/www.guillaumeverdier.com\/en\/podcast-into-the-wind-guillaume-verdier-the-architect-behind-the-greatest-wins\/#primaryimage"},"image":{"@id":"https:\/\/www.guillaumeverdier.com\/en\/podcast-into-the-wind-guillaume-verdier-the-architect-behind-the-greatest-wins\/#primaryimage"},"thumbnailUrl":"https:\/\/www.guillaumeverdier.com\/wp-content\/uploads\/2014\/12\/Logo-Guillaume-Verdier-architecture-navale-retina-NEW.png","datePublished":"2025-05-26T16:19:07+00:00","dateModified":"2025-05-26T16:34:32+00:00","author":{"@id":"https:\/\/www.guillaumeverdier.com\/#\/schema\/person\/9aba4f6da95a77059bc22b1d2cd1feee"},"breadcrumb":{"@id":"https:\/\/www.guillaumeverdier.com\/en\/podcast-into-the-wind-guillaume-verdier-the-architect-behind-the-greatest-wins\/#breadcrumb"},"inLanguage":"en-US","potentialAction":[{"@type":"ReadAction","target":["https:\/\/www.guillaumeverdier.com\/en\/podcast-into-the-wind-guillaume-verdier-the-architect-behind-the-greatest-wins\/"]}]},{"@type":"ImageObject","inLanguage":"en-US","@id":"https:\/\/www.guillaumeverdier.com\/en\/podcast-into-the-wind-guillaume-verdier-the-architect-behind-the-greatest-wins\/#primaryimage","url":"https:\/\/www.guillaumeverdier.com\/wp-content\/uploads\/2014\/12\/Logo-Guillaume-Verdier-architecture-navale-retina-NEW.png","contentUrl":"https:\/\/www.guillaumeverdier.com\/wp-content\/uploads\/2014\/12\/Logo-Guillaume-Verdier-architecture-navale-retina-NEW.png","width":500,"height":200,"caption":"Logo Guillaume Verdier"},{"@type":"BreadcrumbList","@id":"https:\/\/www.guillaumeverdier.com\/en\/podcast-into-the-wind-guillaume-verdier-the-architect-behind-the-greatest-wins\/#breadcrumb","itemListElement":[{"@type":"ListItem","position":1,"name":"Accueil","item":"https:\/\/www.guillaumeverdier.com\/en\/"},{"@type":"ListItem","position":2,"name":"Podcast. Into the Wind\/ Guillaume Verdier: The Architect Behind the Greatest Wins"}]},{"@type":"WebSite","@id":"https:\/\/www.guillaumeverdier.com\/#website","url":"https:\/\/www.guillaumeverdier.com\/","name":"Guillaume Verdier","description":"Architecture Navale","potentialAction":[{"@type":"SearchAction","target":{"@type":"EntryPoint","urlTemplate":"https:\/\/www.guillaumeverdier.com\/?s={search_term_string}"},"query-input":{"@type":"PropertyValueSpecification","valueRequired":true,"valueName":"search_term_string"}}],"inLanguage":"en-US"},{"@type":"Person","@id":"https:\/\/www.guillaumeverdier.com\/#\/schema\/person\/9aba4f6da95a77059bc22b1d2cd1feee","name":"CT_LaColloc","image":{"@type":"ImageObject","inLanguage":"en-US","@id":"https:\/\/www.guillaumeverdier.com\/#\/schema\/person\/image\/","url":"https:\/\/secure.gravatar.com\/avatar\/bd8e0fcb03a61641e39f6d08593c2e73?s=96&d=mm&r=g","contentUrl":"https:\/\/secure.gravatar.com\/avatar\/bd8e0fcb03a61641e39f6d08593c2e73?s=96&d=mm&r=g","caption":"CT_LaColloc"},"url":"https:\/\/www.guillaumeverdier.com\/en\/author\/al_lacolloc\/"}]}},"_links":{"self":[{"href":"https:\/\/www.guillaumeverdier.com\/en\/wp-json\/wp\/v2\/posts\/8598","targetHints":{"allow":["GET"]}}],"collection":[{"href":"https:\/\/www.guillaumeverdier.com\/en\/wp-json\/wp\/v2\/posts"}],"about":[{"href":"https:\/\/www.guillaumeverdier.com\/en\/wp-json\/wp\/v2\/types\/post"}],"author":[{"embeddable":true,"href":"https:\/\/www.guillaumeverdier.com\/en\/wp-json\/wp\/v2\/users\/3"}],"replies":[{"embeddable":true,"href":"https:\/\/www.guillaumeverdier.com\/en\/wp-json\/wp\/v2\/comments?post=8598"}],"version-history":[{"count":3,"href":"https:\/\/www.guillaumeverdier.com\/en\/wp-json\/wp\/v2\/posts\/8598\/revisions"}],"predecessor-version":[{"id":8601,"href":"https:\/\/www.guillaumeverdier.com\/en\/wp-json\/wp\/v2\/posts\/8598\/revisions\/8601"}],"wp:featuredmedia":[{"embeddable":true,"href":"https:\/\/www.guillaumeverdier.com\/en\/wp-json\/wp\/v2\/media\/8599"}],"wp:attachment":[{"href":"https:\/\/www.guillaumeverdier.com\/en\/wp-json\/wp\/v2\/media?parent=8598"}],"wp:term":[{"taxonomy":"category","embeddable":true,"href":"https:\/\/www.guillaumeverdier.com\/en\/wp-json\/wp\/v2\/categories?post=8598"},{"taxonomy":"post_tag","embeddable":true,"href":"https:\/\/www.guillaumeverdier.com\/en\/wp-json\/wp\/v2\/tags?post=8598"}],"curies":[{"name":"wp","href":"https:\/\/api.w.org\/{rel}","templated":true}]}}