{"id":8514,"date":"2025-01-18T14:00:13","date_gmt":"2025-01-18T13:00:13","guid":{"rendered":"https:\/\/www.guillaumeverdier.com\/?p=8514"},"modified":"2025-05-27T07:53:40","modified_gmt":"2025-05-27T06:53:40","slug":"sebastien-simon-3rd-in-the-2024-vendee-globe-onboard-imoca-designed-by-guillaume-verdier-and-his-team","status":"publish","type":"post","link":"https:\/\/www.guillaumeverdier.com\/en\/sebastien-simon-3rd-in-the-2024-vendee-globe-onboard-imoca-designed-by-guillaume-verdier-and-his-team\/","title":{"rendered":"S\u00e9bastien Simon, 3rd in the 2024 Vend\u00e9e Globe onboard IMOCA designed by Guillaume Verdier and his team"},"content":{"rendered":"<p>French skipper S\u00e9bastien Simon crossed the Vend\u00e9e Globe finish line in third place at 00h27 (UTC) on Friday January 17, after 67 days, 12 hours and 25 minutes of racing, finishing 2 days and 17 hours behind the overall winner. It&#8217;s the first time a sailor from Les Sables d&#8217;Olonne, where the legendary solo round the world race starts and finishes has finished on the podium. The Groupe Dubreuil skipper\u2019s race was marked by multiple challenges which contrasted sharply with moments of great success. He smashed the record for the greatest distance covered solo in 24 hours, setting a new mark at 615.33 miles. Breaking his starboard foil could have compromised his chances, yet he showed extraordinary determination to remain on the podium. Simon also distinguished himself with a bold tactical choice in the Indian Ocean depression, as did race winner Charlie Dalin.<\/p>\n<p>He will now wait until 0700UTC for his passage up the famed Les Sables d\u2019Olonne channel, when the public will celebrate this remarkable Vend\u00e9en sailor who, through dogged determination and perseverance, has added a compelling chapter to the story of a legendary race.<\/p>\n<p><strong>Read more:\u00a0<a href=\"https:\/\/www.vendeeglobe.org\/en\/article\/sebastien-simon-3rd-2024-vendee-globe\" target=\"_blank\" rel=\"noopener\">@VendeeGlobe.org<\/a><\/strong><\/p>\n<p>&nbsp;<\/p>\n<div class='avia-iframe-wrap'><iframe loading=\"lazy\" title=\"Arriv\u00e9e de S\u00e9bastien Simon, 3e du Vend\u00e9e Globe 2024\" width=\"1500\" height=\"844\" src=\"https:\/\/www.youtube.com\/embed\/9WklZpaqteM?feature=oembed\" frameborder=\"0\" allow=\"accelerometer; autoplay; clipboard-write; encrypted-media; gyroscope; picture-in-picture; web-share\" referrerpolicy=\"strict-origin-when-cross-origin\" allowfullscreen><\/iframe><\/div>\n","protected":false},"excerpt":{"rendered":"<p>French skipper S\u00e9bastien Simon crossed the Vend\u00e9e Globe finish line in third place at 00h27 (UTC) on Friday January 17, after 67 days, 12 hours and 25 minutes of racing, finishing 2 days and 17 hours behind the overall winner. It&#8217;s the first time a sailor from Les Sables d&#8217;Olonne, where the legendary solo round [&hellip;]<\/p>\n","protected":false},"author":3,"featured_media":8664,"comment_status":"closed","ping_status":"open","sticky":false,"template":"","format":"standard","meta":{"footnotes":""},"categories":[179,178],"tags":[],"class_list":["post-8514","post","type-post","status-publish","format-standard","has-post-thumbnail","hentry","category-en_news","category-en_newscast"],"yoast_head":"<!-- This site is optimized with the Yoast SEO plugin v26.8 - https:\/\/yoast.com\/product\/yoast-seo-wordpress\/ -->\n<title>S\u00e9bastien Simon, 3rd in the 2024 Vend\u00e9e Globe onboard IMOCA designed by Guillaume Verdier and his team - Guillaume Verdier<\/title>\n<meta name=\"robots\" content=\"index, follow, max-snippet:-1, max-image-preview:large, max-video-preview:-1\" \/>\n<link rel=\"canonical\" href=\"https:\/\/www.guillaumeverdier.com\/en\/sebastien-simon-3rd-in-the-2024-vendee-globe-onboard-imoca-designed-by-guillaume-verdier-and-his-team\/\" \/>\n<meta property=\"og:locale\" content=\"en_US\" \/>\n<meta property=\"og:type\" content=\"article\" \/>\n<meta property=\"og:title\" content=\"S\u00e9bastien Simon, 3rd in the 2024 Vend\u00e9e Globe onboard IMOCA designed by Guillaume Verdier and his team - Guillaume Verdier\" \/>\n<meta property=\"og:description\" content=\"French skipper S\u00e9bastien Simon crossed the Vend\u00e9e Globe finish line in third place at 00h27 (UTC) on Friday January 17, after 67 days, 12 hours and 25 minutes of racing, finishing 2 days and 17 hours behind the overall winner. It&#8217;s the first time a sailor from Les Sables d&#8217;Olonne, where the legendary solo round [&hellip;]\" \/>\n<meta property=\"og:url\" content=\"https:\/\/www.guillaumeverdier.com\/en\/sebastien-simon-3rd-in-the-2024-vendee-globe-onboard-imoca-designed-by-guillaume-verdier-and-his-team\/\" \/>\n<meta property=\"og:site_name\" content=\"Guillaume Verdier\" \/>\n<meta property=\"article:published_time\" content=\"2025-01-18T13:00:13+00:00\" \/>\n<meta property=\"article:modified_time\" content=\"2025-05-27T06:53:40+00:00\" \/>\n<meta property=\"og:image\" content=\"https:\/\/www.guillaumeverdier.com\/wp-content\/uploads\/2025\/05\/vg2024-2501170920-vg24-dubreuil-3rd-1701-jlc1643-haute-definition-3-1030x687.jpg\" \/>\n\t<meta property=\"og:image:width\" content=\"1030\" \/>\n\t<meta property=\"og:image:height\" content=\"687\" \/>\n\t<meta property=\"og:image:type\" content=\"image\/jpeg\" \/>\n<meta name=\"author\" content=\"CT_LaColloc\" \/>\n<meta name=\"twitter:label1\" content=\"Written by\" \/>\n\t<meta name=\"twitter:data1\" content=\"CT_LaColloc\" \/>\n\t<meta name=\"twitter:label2\" content=\"Est. reading time\" \/>\n\t<meta name=\"twitter:data2\" content=\"1 minute\" \/>\n<script type=\"application\/ld+json\" class=\"yoast-schema-graph\">{\"@context\":\"https:\/\/schema.org\",\"@graph\":[{\"@type\":\"Article\",\"@id\":\"https:\/\/www.guillaumeverdier.com\/en\/sebastien-simon-3rd-in-the-2024-vendee-globe-onboard-imoca-designed-by-guillaume-verdier-and-his-team\/#article\",\"isPartOf\":{\"@id\":\"https:\/\/www.guillaumeverdier.com\/en\/sebastien-simon-3rd-in-the-2024-vendee-globe-onboard-imoca-designed-by-guillaume-verdier-and-his-team\/\"},\"author\":{\"name\":\"CT_LaColloc\",\"@id\":\"https:\/\/www.guillaumeverdier.com\/#\/schema\/person\/9aba4f6da95a77059bc22b1d2cd1feee\"},\"headline\":\"S\u00e9bastien Simon, 3rd in the 2024 Vend\u00e9e Globe onboard IMOCA designed by Guillaume Verdier and his team\",\"datePublished\":\"2025-01-18T13:00:13+00:00\",\"dateModified\":\"2025-05-27T06:53:40+00:00\",\"mainEntityOfPage\":{\"@id\":\"https:\/\/www.guillaumeverdier.com\/en\/sebastien-simon-3rd-in-the-2024-vendee-globe-onboard-imoca-designed-by-guillaume-verdier-and-his-team\/\"},\"wordCount\":215,\"image\":{\"@id\":\"https:\/\/www.guillaumeverdier.com\/en\/sebastien-simon-3rd-in-the-2024-vendee-globe-onboard-imoca-designed-by-guillaume-verdier-and-his-team\/#primaryimage\"},\"thumbnailUrl\":\"https:\/\/www.guillaumeverdier.com\/wp-content\/uploads\/2025\/05\/vg2024-2501170933-vg24-dubreuil-3rd-1701-vc16450-haute-definition-1-1-scaled.jpg\",\"articleSection\":[\"News\",\"Newscast\"],\"inLanguage\":\"en-US\"},{\"@type\":\"WebPage\",\"@id\":\"https:\/\/www.guillaumeverdier.com\/en\/sebastien-simon-3rd-in-the-2024-vendee-globe-onboard-imoca-designed-by-guillaume-verdier-and-his-team\/\",\"url\":\"https:\/\/www.guillaumeverdier.com\/en\/sebastien-simon-3rd-in-the-2024-vendee-globe-onboard-imoca-designed-by-guillaume-verdier-and-his-team\/\",\"name\":\"S\u00e9bastien Simon, 3rd in the 2024 Vend\u00e9e Globe onboard IMOCA designed by Guillaume Verdier and his team - Guillaume Verdier\",\"isPartOf\":{\"@id\":\"https:\/\/www.guillaumeverdier.com\/#website\"},\"primaryImageOfPage\":{\"@id\":\"https:\/\/www.guillaumeverdier.com\/en\/sebastien-simon-3rd-in-the-2024-vendee-globe-onboard-imoca-designed-by-guillaume-verdier-and-his-team\/#primaryimage\"},\"image\":{\"@id\":\"https:\/\/www.guillaumeverdier.com\/en\/sebastien-simon-3rd-in-the-2024-vendee-globe-onboard-imoca-designed-by-guillaume-verdier-and-his-team\/#primaryimage\"},\"thumbnailUrl\":\"https:\/\/www.guillaumeverdier.com\/wp-content\/uploads\/2025\/05\/vg2024-2501170933-vg24-dubreuil-3rd-1701-vc16450-haute-definition-1-1-scaled.jpg\",\"datePublished\":\"2025-01-18T13:00:13+00:00\",\"dateModified\":\"2025-05-27T06:53:40+00:00\",\"author\":{\"@id\":\"https:\/\/www.guillaumeverdier.com\/#\/schema\/person\/9aba4f6da95a77059bc22b1d2cd1feee\"},\"breadcrumb\":{\"@id\":\"https:\/\/www.guillaumeverdier.com\/en\/sebastien-simon-3rd-in-the-2024-vendee-globe-onboard-imoca-designed-by-guillaume-verdier-and-his-team\/#breadcrumb\"},\"inLanguage\":\"en-US\",\"potentialAction\":[{\"@type\":\"ReadAction\",\"target\":[\"https:\/\/www.guillaumeverdier.com\/en\/sebastien-simon-3rd-in-the-2024-vendee-globe-onboard-imoca-designed-by-guillaume-verdier-and-his-team\/\"]}]},{\"@type\":\"ImageObject\",\"inLanguage\":\"en-US\",\"@id\":\"https:\/\/www.guillaumeverdier.com\/en\/sebastien-simon-3rd-in-the-2024-vendee-globe-onboard-imoca-designed-by-guillaume-verdier-and-his-team\/#primaryimage\",\"url\":\"https:\/\/www.guillaumeverdier.com\/wp-content\/uploads\/2025\/05\/vg2024-2501170933-vg24-dubreuil-3rd-1701-vc16450-haute-definition-1-1-scaled.jpg\",\"contentUrl\":\"https:\/\/www.guillaumeverdier.com\/wp-content\/uploads\/2025\/05\/vg2024-2501170933-vg24-dubreuil-3rd-1701-vc16450-haute-definition-1-1-scaled.jpg\",\"width\":2560,\"height\":1706,\"caption\":\"LES SABLES D'OLONNE, FRANCE - JANUARY 17, 2025 : Groupe Dubreuil skipper S\u00e9bastien Simon (FRA) is photographed in the channel after taking 3rd place in the Vendee Globe, on January 17, 2025 in Les Sables d'Olonne, France - (Photo by Vincent Curutchet \/ Alea)\"},{\"@type\":\"BreadcrumbList\",\"@id\":\"https:\/\/www.guillaumeverdier.com\/en\/sebastien-simon-3rd-in-the-2024-vendee-globe-onboard-imoca-designed-by-guillaume-verdier-and-his-team\/#breadcrumb\",\"itemListElement\":[{\"@type\":\"ListItem\",\"position\":1,\"name\":\"Accueil\",\"item\":\"https:\/\/www.guillaumeverdier.com\/en\/\"},{\"@type\":\"ListItem\",\"position\":2,\"name\":\"S\u00e9bastien Simon, 3rd in the 2024 Vend\u00e9e Globe onboard IMOCA designed by Guillaume Verdier and his team\"}]},{\"@type\":\"WebSite\",\"@id\":\"https:\/\/www.guillaumeverdier.com\/#website\",\"url\":\"https:\/\/www.guillaumeverdier.com\/\",\"name\":\"Guillaume Verdier\",\"description\":\"Architecture Navale\",\"potentialAction\":[{\"@type\":\"SearchAction\",\"target\":{\"@type\":\"EntryPoint\",\"urlTemplate\":\"https:\/\/www.guillaumeverdier.com\/?s={search_term_string}\"},\"query-input\":{\"@type\":\"PropertyValueSpecification\",\"valueRequired\":true,\"valueName\":\"search_term_string\"}}],\"inLanguage\":\"en-US\"},{\"@type\":\"Person\",\"@id\":\"https:\/\/www.guillaumeverdier.com\/#\/schema\/person\/9aba4f6da95a77059bc22b1d2cd1feee\",\"name\":\"CT_LaColloc\",\"image\":{\"@type\":\"ImageObject\",\"inLanguage\":\"en-US\",\"@id\":\"https:\/\/www.guillaumeverdier.com\/#\/schema\/person\/image\/\",\"url\":\"https:\/\/secure.gravatar.com\/avatar\/d94cc59732865e17a0aaf8e8e3a9c37f1ead5d34085a205c0cb0c1d409558e95?s=96&d=mm&r=g\",\"contentUrl\":\"https:\/\/secure.gravatar.com\/avatar\/d94cc59732865e17a0aaf8e8e3a9c37f1ead5d34085a205c0cb0c1d409558e95?s=96&d=mm&r=g\",\"caption\":\"CT_LaColloc\"},\"url\":\"https:\/\/www.guillaumeverdier.com\/en\/author\/al_lacolloc\/\"}]}<\/script>\n<!-- \/ Yoast SEO plugin. -->","yoast_head_json":{"title":"S\u00e9bastien Simon, 3rd in the 2024 Vend\u00e9e Globe onboard IMOCA designed by Guillaume Verdier and his team - Guillaume Verdier","robots":{"index":"index","follow":"follow","max-snippet":"max-snippet:-1","max-image-preview":"max-image-preview:large","max-video-preview":"max-video-preview:-1"},"canonical":"https:\/\/www.guillaumeverdier.com\/en\/sebastien-simon-3rd-in-the-2024-vendee-globe-onboard-imoca-designed-by-guillaume-verdier-and-his-team\/","og_locale":"en_US","og_type":"article","og_title":"S\u00e9bastien Simon, 3rd in the 2024 Vend\u00e9e Globe onboard IMOCA designed by Guillaume Verdier and his team - Guillaume Verdier","og_description":"French skipper S\u00e9bastien Simon crossed the Vend\u00e9e Globe finish line in third place at 00h27 (UTC) on Friday January 17, after 67 days, 12 hours and 25 minutes of racing, finishing 2 days and 17 hours behind the overall winner. It&#8217;s the first time a sailor from Les Sables d&#8217;Olonne, where the legendary solo round [&hellip;]","og_url":"https:\/\/www.guillaumeverdier.com\/en\/sebastien-simon-3rd-in-the-2024-vendee-globe-onboard-imoca-designed-by-guillaume-verdier-and-his-team\/","og_site_name":"Guillaume Verdier","article_published_time":"2025-01-18T13:00:13+00:00","article_modified_time":"2025-05-27T06:53:40+00:00","og_image":[{"width":1030,"height":687,"url":"https:\/\/www.guillaumeverdier.com\/wp-content\/uploads\/2025\/05\/vg2024-2501170920-vg24-dubreuil-3rd-1701-jlc1643-haute-definition-3-1030x687.jpg","type":"image\/jpeg"}],"author":"CT_LaColloc","twitter_misc":{"Written by":"CT_LaColloc","Est. reading time":"1 minute"},"schema":{"@context":"https:\/\/schema.org","@graph":[{"@type":"Article","@id":"https:\/\/www.guillaumeverdier.com\/en\/sebastien-simon-3rd-in-the-2024-vendee-globe-onboard-imoca-designed-by-guillaume-verdier-and-his-team\/#article","isPartOf":{"@id":"https:\/\/www.guillaumeverdier.com\/en\/sebastien-simon-3rd-in-the-2024-vendee-globe-onboard-imoca-designed-by-guillaume-verdier-and-his-team\/"},"author":{"name":"CT_LaColloc","@id":"https:\/\/www.guillaumeverdier.com\/#\/schema\/person\/9aba4f6da95a77059bc22b1d2cd1feee"},"headline":"S\u00e9bastien Simon, 3rd in the 2024 Vend\u00e9e Globe onboard IMOCA designed by Guillaume Verdier and his team","datePublished":"2025-01-18T13:00:13+00:00","dateModified":"2025-05-27T06:53:40+00:00","mainEntityOfPage":{"@id":"https:\/\/www.guillaumeverdier.com\/en\/sebastien-simon-3rd-in-the-2024-vendee-globe-onboard-imoca-designed-by-guillaume-verdier-and-his-team\/"},"wordCount":215,"image":{"@id":"https:\/\/www.guillaumeverdier.com\/en\/sebastien-simon-3rd-in-the-2024-vendee-globe-onboard-imoca-designed-by-guillaume-verdier-and-his-team\/#primaryimage"},"thumbnailUrl":"https:\/\/www.guillaumeverdier.com\/wp-content\/uploads\/2025\/05\/vg2024-2501170933-vg24-dubreuil-3rd-1701-vc16450-haute-definition-1-1-scaled.jpg","articleSection":["News","Newscast"],"inLanguage":"en-US"},{"@type":"WebPage","@id":"https:\/\/www.guillaumeverdier.com\/en\/sebastien-simon-3rd-in-the-2024-vendee-globe-onboard-imoca-designed-by-guillaume-verdier-and-his-team\/","url":"https:\/\/www.guillaumeverdier.com\/en\/sebastien-simon-3rd-in-the-2024-vendee-globe-onboard-imoca-designed-by-guillaume-verdier-and-his-team\/","name":"S\u00e9bastien Simon, 3rd in the 2024 Vend\u00e9e Globe onboard IMOCA designed by Guillaume Verdier and his team - Guillaume Verdier","isPartOf":{"@id":"https:\/\/www.guillaumeverdier.com\/#website"},"primaryImageOfPage":{"@id":"https:\/\/www.guillaumeverdier.com\/en\/sebastien-simon-3rd-in-the-2024-vendee-globe-onboard-imoca-designed-by-guillaume-verdier-and-his-team\/#primaryimage"},"image":{"@id":"https:\/\/www.guillaumeverdier.com\/en\/sebastien-simon-3rd-in-the-2024-vendee-globe-onboard-imoca-designed-by-guillaume-verdier-and-his-team\/#primaryimage"},"thumbnailUrl":"https:\/\/www.guillaumeverdier.com\/wp-content\/uploads\/2025\/05\/vg2024-2501170933-vg24-dubreuil-3rd-1701-vc16450-haute-definition-1-1-scaled.jpg","datePublished":"2025-01-18T13:00:13+00:00","dateModified":"2025-05-27T06:53:40+00:00","author":{"@id":"https:\/\/www.guillaumeverdier.com\/#\/schema\/person\/9aba4f6da95a77059bc22b1d2cd1feee"},"breadcrumb":{"@id":"https:\/\/www.guillaumeverdier.com\/en\/sebastien-simon-3rd-in-the-2024-vendee-globe-onboard-imoca-designed-by-guillaume-verdier-and-his-team\/#breadcrumb"},"inLanguage":"en-US","potentialAction":[{"@type":"ReadAction","target":["https:\/\/www.guillaumeverdier.com\/en\/sebastien-simon-3rd-in-the-2024-vendee-globe-onboard-imoca-designed-by-guillaume-verdier-and-his-team\/"]}]},{"@type":"ImageObject","inLanguage":"en-US","@id":"https:\/\/www.guillaumeverdier.com\/en\/sebastien-simon-3rd-in-the-2024-vendee-globe-onboard-imoca-designed-by-guillaume-verdier-and-his-team\/#primaryimage","url":"https:\/\/www.guillaumeverdier.com\/wp-content\/uploads\/2025\/05\/vg2024-2501170933-vg24-dubreuil-3rd-1701-vc16450-haute-definition-1-1-scaled.jpg","contentUrl":"https:\/\/www.guillaumeverdier.com\/wp-content\/uploads\/2025\/05\/vg2024-2501170933-vg24-dubreuil-3rd-1701-vc16450-haute-definition-1-1-scaled.jpg","width":2560,"height":1706,"caption":"LES SABLES D'OLONNE, FRANCE - JANUARY 17, 2025 : Groupe Dubreuil skipper S\u00e9bastien Simon (FRA) is photographed in the channel after taking 3rd place in the Vendee Globe, on January 17, 2025 in Les Sables d'Olonne, France - (Photo by Vincent Curutchet \/ Alea)"},{"@type":"BreadcrumbList","@id":"https:\/\/www.guillaumeverdier.com\/en\/sebastien-simon-3rd-in-the-2024-vendee-globe-onboard-imoca-designed-by-guillaume-verdier-and-his-team\/#breadcrumb","itemListElement":[{"@type":"ListItem","position":1,"name":"Accueil","item":"https:\/\/www.guillaumeverdier.com\/en\/"},{"@type":"ListItem","position":2,"name":"S\u00e9bastien Simon, 3rd in the 2024 Vend\u00e9e Globe onboard IMOCA designed by Guillaume Verdier and his team"}]},{"@type":"WebSite","@id":"https:\/\/www.guillaumeverdier.com\/#website","url":"https:\/\/www.guillaumeverdier.com\/","name":"Guillaume Verdier","description":"Architecture Navale","potentialAction":[{"@type":"SearchAction","target":{"@type":"EntryPoint","urlTemplate":"https:\/\/www.guillaumeverdier.com\/?s={search_term_string}"},"query-input":{"@type":"PropertyValueSpecification","valueRequired":true,"valueName":"search_term_string"}}],"inLanguage":"en-US"},{"@type":"Person","@id":"https:\/\/www.guillaumeverdier.com\/#\/schema\/person\/9aba4f6da95a77059bc22b1d2cd1feee","name":"CT_LaColloc","image":{"@type":"ImageObject","inLanguage":"en-US","@id":"https:\/\/www.guillaumeverdier.com\/#\/schema\/person\/image\/","url":"https:\/\/secure.gravatar.com\/avatar\/d94cc59732865e17a0aaf8e8e3a9c37f1ead5d34085a205c0cb0c1d409558e95?s=96&d=mm&r=g","contentUrl":"https:\/\/secure.gravatar.com\/avatar\/d94cc59732865e17a0aaf8e8e3a9c37f1ead5d34085a205c0cb0c1d409558e95?s=96&d=mm&r=g","caption":"CT_LaColloc"},"url":"https:\/\/www.guillaumeverdier.com\/en\/author\/al_lacolloc\/"}]}},"_links":{"self":[{"href":"https:\/\/www.guillaumeverdier.com\/en\/wp-json\/wp\/v2\/posts\/8514","targetHints":{"allow":["GET"]}}],"collection":[{"href":"https:\/\/www.guillaumeverdier.com\/en\/wp-json\/wp\/v2\/posts"}],"about":[{"href":"https:\/\/www.guillaumeverdier.com\/en\/wp-json\/wp\/v2\/types\/post"}],"author":[{"embeddable":true,"href":"https:\/\/www.guillaumeverdier.com\/en\/wp-json\/wp\/v2\/users\/3"}],"replies":[{"embeddable":true,"href":"https:\/\/www.guillaumeverdier.com\/en\/wp-json\/wp\/v2\/comments?post=8514"}],"version-history":[{"count":2,"href":"https:\/\/www.guillaumeverdier.com\/en\/wp-json\/wp\/v2\/posts\/8514\/revisions"}],"predecessor-version":[{"id":8675,"href":"https:\/\/www.guillaumeverdier.com\/en\/wp-json\/wp\/v2\/posts\/8514\/revisions\/8675"}],"wp:featuredmedia":[{"embeddable":true,"href":"https:\/\/www.guillaumeverdier.com\/en\/wp-json\/wp\/v2\/media\/8664"}],"wp:attachment":[{"href":"https:\/\/www.guillaumeverdier.com\/en\/wp-json\/wp\/v2\/media?parent=8514"}],"wp:term":[{"taxonomy":"category","embeddable":true,"href":"https:\/\/www.guillaumeverdier.com\/en\/wp-json\/wp\/v2\/categories?post=8514"},{"taxonomy":"post_tag","embeddable":true,"href":"https:\/\/www.guillaumeverdier.com\/en\/wp-json\/wp\/v2\/tags?post=8514"}],"curies":[{"name":"wp","href":"https:\/\/api.w.org\/{rel}","templated":true}]}}