{"id":2360,"date":"2015-04-22T14:58:02","date_gmt":"2015-04-22T13:58:02","guid":{"rendered":"http:\/\/www.guillaumeverdier.com\/foil-tribord-en-c-foil-babord-en-l-pour-le-trimaran-du-gitana-team-2\/"},"modified":"2024-04-04T14:46:11","modified_gmt":"2024-04-04T13:46:11","slug":"foil-tribord-en-c-foil-babord-en-l-pour-le-trimaran-du-gitana-team","status":"publish","type":"post","link":"https:\/\/www.guillaumeverdier.com\/en\/foil-tribord-en-c-foil-babord-en-l-pour-le-trimaran-du-gitana-team\/","title":{"rendered":"Foil tribord en C, foil b\u00e2bord en L pour le trimaran du Gitana Team"},"content":{"rendered":"<p style=\"text-align: justify;\"><strong>Tout comme pour les premiers safrans en T, cette deuxi\u00e8me phase de modifications est le fruit d\u2019une \u00e9troite collaboration entre Antoine Koch et le bureau d\u2019\u00e9tudes du Gitana Team, l\u2019architecte Guillaume Verdier et le N\u00e9o-Z\u00e9landais Jamie France, l\u2019Am\u00e9ricain Bobby Kleinschmit ainsi que la soci\u00e9t\u00e9 Pure Design, ces derniers \u00e9tant membres de Team New Zealand.<\/strong><\/p>\n<p style=\"text-align: justify;\"><a href=\"http:\/\/seasailsurf.com\/seasailsurf\/actu\/9122-Foil-tribord-en-C-foil-babord-en-L-pour-le\" target=\"_blank\" rel=\"noopener\">\u00a9SeaSailSurf &gt;&gt;<\/a><\/p>\n<p style=\"text-align: justify;\"><!--more--><\/p>\n<p style=\"text-align: justify;\">Formes de car\u00e8ne, taille des flotteurs &#8230; \u00e0 premi\u00e8re vue, le Multi70 Edmond de Rothschild est le m\u00eame que celui qui s\u2019\u00e9tait \u00e9lanc\u00e9 de Saint-Malo en novembre dernier lors de la <a class=\"cs_glossaire\" href=\"http:\/\/seasailsurf.com\/seasailsurf\/actu\/+-044-Route-du-Rhum-+\" name=\"mot44_0\"><span class=\"gl_mot\">Route du Rhum<\/span><\/a>. Fid\u00e8le \u00e0 son projet de d\u00e9part, l\u2019\u00e9quipe a choisi de s\u2019adapter \u00e0 la plateforme d\u2019origine m\u00eame si cette derni\u00e8re a connu un renforcement structurel. Mais la version 2015 ne manque pas de nouveaut\u00e9s si l\u2019on regarde de plus pr\u00e8s les appendices.<\/p>\n<p style=\"text-align: justify;\"><a href=\"http:\/\/seasailsurf.com\/seasailsurf\/actu\/9122-Foil-tribord-en-C-foil-babord-en-L-pour-le\" target=\"_blank\" rel=\"noopener\">En savoir + sur SEASAILSURF &gt;&gt;<\/a><\/p>\n","protected":false},"excerpt":{"rendered":"<p>Tout comme pour les premiers safrans en T, cette deuxi\u00e8me phase de modifications est le fruit d\u2019une \u00e9troite collaboration entre Antoine Koch et le bureau d\u2019\u00e9tudes du Gitana Team, l\u2019architecte Guillaume Verdier et le N\u00e9o-Z\u00e9landais Jamie France, l\u2019Am\u00e9ricain Bobby Kleinschmit ainsi que la soci\u00e9t\u00e9 Pure Design, ces derniers \u00e9tant membres de Team New Zealand. \u00a9SeaSailSurf [&hellip;]<\/p>\n","protected":false},"author":3,"featured_media":0,"comment_status":"closed","ping_status":"open","sticky":false,"template":"","format":"standard","meta":{"footnotes":""},"categories":[179],"tags":[],"class_list":["post-2360","post","type-post","status-publish","format-standard","hentry","category-en_news"],"yoast_head":"<!-- This site is optimized with the Yoast SEO plugin v27.5 - https:\/\/yoast.com\/product\/yoast-seo-wordpress\/ -->\n<title>Foil tribord en C, foil b\u00e2bord en L pour le trimaran du Gitana Team - Guillaume Verdier<\/title>\n<meta name=\"robots\" content=\"index, follow, max-snippet:-1, max-image-preview:large, max-video-preview:-1\" \/>\n<link rel=\"canonical\" href=\"https:\/\/www.guillaumeverdier.com\/en\/foil-tribord-en-c-foil-babord-en-l-pour-le-trimaran-du-gitana-team\/\" \/>\n<meta property=\"og:locale\" content=\"en_US\" \/>\n<meta property=\"og:type\" content=\"article\" \/>\n<meta property=\"og:title\" content=\"Foil tribord en C, foil b\u00e2bord en L pour le trimaran du Gitana Team - Guillaume Verdier\" \/>\n<meta property=\"og:description\" content=\"Tout comme pour les premiers safrans en T, cette deuxi\u00e8me phase de modifications est le fruit d\u2019une \u00e9troite collaboration entre Antoine Koch et le bureau d\u2019\u00e9tudes du Gitana Team, l\u2019architecte Guillaume Verdier et le N\u00e9o-Z\u00e9landais Jamie France, l\u2019Am\u00e9ricain Bobby Kleinschmit ainsi que la soci\u00e9t\u00e9 Pure Design, ces derniers \u00e9tant membres de Team New Zealand. \u00a9SeaSailSurf [&hellip;]\" \/>\n<meta property=\"og:url\" content=\"https:\/\/www.guillaumeverdier.com\/en\/foil-tribord-en-c-foil-babord-en-l-pour-le-trimaran-du-gitana-team\/\" \/>\n<meta property=\"og:site_name\" content=\"Guillaume Verdier\" \/>\n<meta property=\"article:published_time\" content=\"2015-04-22T13:58:02+00:00\" \/>\n<meta property=\"article:modified_time\" content=\"2024-04-04T13:46:11+00:00\" \/>\n<meta name=\"author\" content=\"CT_LaColloc\" \/>\n<meta name=\"twitter:label1\" content=\"Written by\" \/>\n\t<meta name=\"twitter:data1\" content=\"CT_LaColloc\" \/>\n\t<meta name=\"twitter:label2\" content=\"Est. reading time\" \/>\n\t<meta name=\"twitter:data2\" content=\"1 minute\" \/>\n<script type=\"application\/ld+json\" class=\"yoast-schema-graph\">{\"@context\":\"https:\\\/\\\/schema.org\",\"@graph\":[{\"@type\":\"Article\",\"@id\":\"https:\\\/\\\/www.guillaumeverdier.com\\\/en\\\/foil-tribord-en-c-foil-babord-en-l-pour-le-trimaran-du-gitana-team\\\/#article\",\"isPartOf\":{\"@id\":\"https:\\\/\\\/www.guillaumeverdier.com\\\/en\\\/foil-tribord-en-c-foil-babord-en-l-pour-le-trimaran-du-gitana-team\\\/\"},\"author\":{\"name\":\"CT_LaColloc\",\"@id\":\"https:\\\/\\\/www.guillaumeverdier.com\\\/#\\\/schema\\\/person\\\/9aba4f6da95a77059bc22b1d2cd1feee\"},\"headline\":\"Foil tribord en C, foil b\u00e2bord en L pour le trimaran du Gitana Team\",\"datePublished\":\"2015-04-22T13:58:02+00:00\",\"dateModified\":\"2024-04-04T13:46:11+00:00\",\"mainEntityOfPage\":{\"@id\":\"https:\\\/\\\/www.guillaumeverdier.com\\\/en\\\/foil-tribord-en-c-foil-babord-en-l-pour-le-trimaran-du-gitana-team\\\/\"},\"wordCount\":171,\"articleSection\":[\"News\"],\"inLanguage\":\"en-US\"},{\"@type\":\"WebPage\",\"@id\":\"https:\\\/\\\/www.guillaumeverdier.com\\\/en\\\/foil-tribord-en-c-foil-babord-en-l-pour-le-trimaran-du-gitana-team\\\/\",\"url\":\"https:\\\/\\\/www.guillaumeverdier.com\\\/en\\\/foil-tribord-en-c-foil-babord-en-l-pour-le-trimaran-du-gitana-team\\\/\",\"name\":\"Foil tribord en C, foil b\u00e2bord en L pour le trimaran du Gitana Team - Guillaume Verdier\",\"isPartOf\":{\"@id\":\"https:\\\/\\\/www.guillaumeverdier.com\\\/#website\"},\"datePublished\":\"2015-04-22T13:58:02+00:00\",\"dateModified\":\"2024-04-04T13:46:11+00:00\",\"author\":{\"@id\":\"https:\\\/\\\/www.guillaumeverdier.com\\\/#\\\/schema\\\/person\\\/9aba4f6da95a77059bc22b1d2cd1feee\"},\"breadcrumb\":{\"@id\":\"https:\\\/\\\/www.guillaumeverdier.com\\\/en\\\/foil-tribord-en-c-foil-babord-en-l-pour-le-trimaran-du-gitana-team\\\/#breadcrumb\"},\"inLanguage\":\"en-US\",\"potentialAction\":[{\"@type\":\"ReadAction\",\"target\":[\"https:\\\/\\\/www.guillaumeverdier.com\\\/en\\\/foil-tribord-en-c-foil-babord-en-l-pour-le-trimaran-du-gitana-team\\\/\"]}]},{\"@type\":\"BreadcrumbList\",\"@id\":\"https:\\\/\\\/www.guillaumeverdier.com\\\/en\\\/foil-tribord-en-c-foil-babord-en-l-pour-le-trimaran-du-gitana-team\\\/#breadcrumb\",\"itemListElement\":[{\"@type\":\"ListItem\",\"position\":1,\"name\":\"Accueil\",\"item\":\"https:\\\/\\\/www.guillaumeverdier.com\\\/en\\\/\"},{\"@type\":\"ListItem\",\"position\":2,\"name\":\"Foil tribord en C, foil b\u00e2bord en L pour le trimaran du Gitana Team\"}]},{\"@type\":\"WebSite\",\"@id\":\"https:\\\/\\\/www.guillaumeverdier.com\\\/#website\",\"url\":\"https:\\\/\\\/www.guillaumeverdier.com\\\/\",\"name\":\"Guillaume Verdier\",\"description\":\"Architecture Navale\",\"potentialAction\":[{\"@type\":\"SearchAction\",\"target\":{\"@type\":\"EntryPoint\",\"urlTemplate\":\"https:\\\/\\\/www.guillaumeverdier.com\\\/?s={search_term_string}\"},\"query-input\":{\"@type\":\"PropertyValueSpecification\",\"valueRequired\":true,\"valueName\":\"search_term_string\"}}],\"inLanguage\":\"en-US\"},{\"@type\":\"Person\",\"@id\":\"https:\\\/\\\/www.guillaumeverdier.com\\\/#\\\/schema\\\/person\\\/9aba4f6da95a77059bc22b1d2cd1feee\",\"name\":\"CT_LaColloc\",\"image\":{\"@type\":\"ImageObject\",\"inLanguage\":\"en-US\",\"@id\":\"https:\\\/\\\/secure.gravatar.com\\\/avatar\\\/d94cc59732865e17a0aaf8e8e3a9c37f1ead5d34085a205c0cb0c1d409558e95?s=96&d=mm&r=g\",\"url\":\"https:\\\/\\\/secure.gravatar.com\\\/avatar\\\/d94cc59732865e17a0aaf8e8e3a9c37f1ead5d34085a205c0cb0c1d409558e95?s=96&d=mm&r=g\",\"contentUrl\":\"https:\\\/\\\/secure.gravatar.com\\\/avatar\\\/d94cc59732865e17a0aaf8e8e3a9c37f1ead5d34085a205c0cb0c1d409558e95?s=96&d=mm&r=g\",\"caption\":\"CT_LaColloc\"},\"url\":\"https:\\\/\\\/www.guillaumeverdier.com\\\/en\\\/author\\\/al_lacolloc\\\/\"}]}<\/script>\n<!-- \/ Yoast SEO plugin. -->","yoast_head_json":{"title":"Foil tribord en C, foil b\u00e2bord en L pour le trimaran du Gitana Team - Guillaume Verdier","robots":{"index":"index","follow":"follow","max-snippet":"max-snippet:-1","max-image-preview":"max-image-preview:large","max-video-preview":"max-video-preview:-1"},"canonical":"https:\/\/www.guillaumeverdier.com\/en\/foil-tribord-en-c-foil-babord-en-l-pour-le-trimaran-du-gitana-team\/","og_locale":"en_US","og_type":"article","og_title":"Foil tribord en C, foil b\u00e2bord en L pour le trimaran du Gitana Team - Guillaume Verdier","og_description":"Tout comme pour les premiers safrans en T, cette deuxi\u00e8me phase de modifications est le fruit d\u2019une \u00e9troite collaboration entre Antoine Koch et le bureau d\u2019\u00e9tudes du Gitana Team, l\u2019architecte Guillaume Verdier et le N\u00e9o-Z\u00e9landais Jamie France, l\u2019Am\u00e9ricain Bobby Kleinschmit ainsi que la soci\u00e9t\u00e9 Pure Design, ces derniers \u00e9tant membres de Team New Zealand. \u00a9SeaSailSurf [&hellip;]","og_url":"https:\/\/www.guillaumeverdier.com\/en\/foil-tribord-en-c-foil-babord-en-l-pour-le-trimaran-du-gitana-team\/","og_site_name":"Guillaume Verdier","article_published_time":"2015-04-22T13:58:02+00:00","article_modified_time":"2024-04-04T13:46:11+00:00","author":"CT_LaColloc","twitter_misc":{"Written by":"CT_LaColloc","Est. reading time":"1 minute"},"schema":{"@context":"https:\/\/schema.org","@graph":[{"@type":"Article","@id":"https:\/\/www.guillaumeverdier.com\/en\/foil-tribord-en-c-foil-babord-en-l-pour-le-trimaran-du-gitana-team\/#article","isPartOf":{"@id":"https:\/\/www.guillaumeverdier.com\/en\/foil-tribord-en-c-foil-babord-en-l-pour-le-trimaran-du-gitana-team\/"},"author":{"name":"CT_LaColloc","@id":"https:\/\/www.guillaumeverdier.com\/#\/schema\/person\/9aba4f6da95a77059bc22b1d2cd1feee"},"headline":"Foil tribord en C, foil b\u00e2bord en L pour le trimaran du Gitana Team","datePublished":"2015-04-22T13:58:02+00:00","dateModified":"2024-04-04T13:46:11+00:00","mainEntityOfPage":{"@id":"https:\/\/www.guillaumeverdier.com\/en\/foil-tribord-en-c-foil-babord-en-l-pour-le-trimaran-du-gitana-team\/"},"wordCount":171,"articleSection":["News"],"inLanguage":"en-US"},{"@type":"WebPage","@id":"https:\/\/www.guillaumeverdier.com\/en\/foil-tribord-en-c-foil-babord-en-l-pour-le-trimaran-du-gitana-team\/","url":"https:\/\/www.guillaumeverdier.com\/en\/foil-tribord-en-c-foil-babord-en-l-pour-le-trimaran-du-gitana-team\/","name":"Foil tribord en C, foil b\u00e2bord en L pour le trimaran du Gitana Team - Guillaume Verdier","isPartOf":{"@id":"https:\/\/www.guillaumeverdier.com\/#website"},"datePublished":"2015-04-22T13:58:02+00:00","dateModified":"2024-04-04T13:46:11+00:00","author":{"@id":"https:\/\/www.guillaumeverdier.com\/#\/schema\/person\/9aba4f6da95a77059bc22b1d2cd1feee"},"breadcrumb":{"@id":"https:\/\/www.guillaumeverdier.com\/en\/foil-tribord-en-c-foil-babord-en-l-pour-le-trimaran-du-gitana-team\/#breadcrumb"},"inLanguage":"en-US","potentialAction":[{"@type":"ReadAction","target":["https:\/\/www.guillaumeverdier.com\/en\/foil-tribord-en-c-foil-babord-en-l-pour-le-trimaran-du-gitana-team\/"]}]},{"@type":"BreadcrumbList","@id":"https:\/\/www.guillaumeverdier.com\/en\/foil-tribord-en-c-foil-babord-en-l-pour-le-trimaran-du-gitana-team\/#breadcrumb","itemListElement":[{"@type":"ListItem","position":1,"name":"Accueil","item":"https:\/\/www.guillaumeverdier.com\/en\/"},{"@type":"ListItem","position":2,"name":"Foil tribord en C, foil b\u00e2bord en L pour le trimaran du Gitana Team"}]},{"@type":"WebSite","@id":"https:\/\/www.guillaumeverdier.com\/#website","url":"https:\/\/www.guillaumeverdier.com\/","name":"Guillaume Verdier","description":"Architecture Navale","potentialAction":[{"@type":"SearchAction","target":{"@type":"EntryPoint","urlTemplate":"https:\/\/www.guillaumeverdier.com\/?s={search_term_string}"},"query-input":{"@type":"PropertyValueSpecification","valueRequired":true,"valueName":"search_term_string"}}],"inLanguage":"en-US"},{"@type":"Person","@id":"https:\/\/www.guillaumeverdier.com\/#\/schema\/person\/9aba4f6da95a77059bc22b1d2cd1feee","name":"CT_LaColloc","image":{"@type":"ImageObject","inLanguage":"en-US","@id":"https:\/\/secure.gravatar.com\/avatar\/d94cc59732865e17a0aaf8e8e3a9c37f1ead5d34085a205c0cb0c1d409558e95?s=96&d=mm&r=g","url":"https:\/\/secure.gravatar.com\/avatar\/d94cc59732865e17a0aaf8e8e3a9c37f1ead5d34085a205c0cb0c1d409558e95?s=96&d=mm&r=g","contentUrl":"https:\/\/secure.gravatar.com\/avatar\/d94cc59732865e17a0aaf8e8e3a9c37f1ead5d34085a205c0cb0c1d409558e95?s=96&d=mm&r=g","caption":"CT_LaColloc"},"url":"https:\/\/www.guillaumeverdier.com\/en\/author\/al_lacolloc\/"}]}},"_links":{"self":[{"href":"https:\/\/www.guillaumeverdier.com\/en\/wp-json\/wp\/v2\/posts\/2360","targetHints":{"allow":["GET"]}}],"collection":[{"href":"https:\/\/www.guillaumeverdier.com\/en\/wp-json\/wp\/v2\/posts"}],"about":[{"href":"https:\/\/www.guillaumeverdier.com\/en\/wp-json\/wp\/v2\/types\/post"}],"author":[{"embeddable":true,"href":"https:\/\/www.guillaumeverdier.com\/en\/wp-json\/wp\/v2\/users\/3"}],"replies":[{"embeddable":true,"href":"https:\/\/www.guillaumeverdier.com\/en\/wp-json\/wp\/v2\/comments?post=2360"}],"version-history":[{"count":1,"href":"https:\/\/www.guillaumeverdier.com\/en\/wp-json\/wp\/v2\/posts\/2360\/revisions"}],"predecessor-version":[{"id":8348,"href":"https:\/\/www.guillaumeverdier.com\/en\/wp-json\/wp\/v2\/posts\/2360\/revisions\/8348"}],"wp:attachment":[{"href":"https:\/\/www.guillaumeverdier.com\/en\/wp-json\/wp\/v2\/media?parent=2360"}],"wp:term":[{"taxonomy":"category","embeddable":true,"href":"https:\/\/www.guillaumeverdier.com\/en\/wp-json\/wp\/v2\/categories?post=2360"},{"taxonomy":"post_tag","embeddable":true,"href":"https:\/\/www.guillaumeverdier.com\/en\/wp-json\/wp\/v2\/tags?post=2360"}],"curies":[{"name":"wp","href":"https:\/\/api.w.org\/{rel}","templated":true}]}}