{"id":2127,"date":"2014-12-05T11:48:22","date_gmt":"2014-12-05T10:48:22","guid":{"rendered":"http:\/\/www.guillaumeverdier.com\/imoca-changements-de-proprietaires-2\/"},"modified":"2024-04-04T14:29:28","modified_gmt":"2024-04-04T13:29:28","slug":"imoca-changements-de-proprietaires","status":"publish","type":"post","link":"https:\/\/www.guillaumeverdier.com\/en\/imoca-changements-de-proprietaires\/","title":{"rendered":"IMOCA &#8211; Changements de propri\u00e9taires"},"content":{"rendered":"<div id=\"stcpDiv\"><strong>Avec la fin de la Route du Rhum \u2013 Destination Guadeloupe, la classe IMOCA se projette maintenant vers l\u2019avenir avec au sommaire, l\u2019imminence de la Barcelona World Race, puis \u00e0 l\u2019horizon 2016 le prochain Vend\u00e9e Globe.<\/strong><\/div>\n<div><a href=\"http:\/\/www.imocaoceanmasters.com\/fr\/news\/imoca-change-of-owners#sthash.3Vd6Dv1u.dpuf\" target=\"_blank\" rel=\"noopener\">\u00a9 Imoca Ocean Masters<\/a><\/div>\n<p><!--more--><\/p>\n<div id=\"stcpDiv\">\n<section class=\"twocoltext\">\n<ul>\n<li><strong>La fin de la Route du Rhum, d\u00e9but d\u2019un nouveau cycle en IMOCA<\/strong><\/li>\n<li><strong>Sept nouveaux projets d\u00e9j\u00e0 sur les rails<\/strong><\/li>\n<li><strong>Plusieurs bateaux ont d\u00e9j\u00e0 trouv\u00e9 acqu\u00e9reur<\/strong><\/li>\n<\/ul>\n<p>Avec la fin de la Route du Rhum \u2013 Destination Guadeloupe, la classe IMOCA se projette maintenant vers l\u2019avenir avec au sommaire, l\u2019imminence de la Barcelona World Race, puis \u00e0 l\u2019horizon 2016 le prochain Vend\u00e9e Globe. A deux ans du tour du monde en solitaire, outre la construction de bateaux neufs soumis \u00e0 la nouvelle jauge, plusieurs projets se montent autour des prototypes construits en 2010-2011, voire en 2006-2007. Ces bateaux plus anciens seront souvent soumis \u00e0 une cure de r\u00e9novation, impliquant parfois des travaux importants comme la modification des car\u00e8nes.<\/p>\n<p><strong>Les nouveaux venus<\/strong><\/p>\n<p>On retrouve ici la plupart des grandes \u00e9curies qui n\u2019ont pas h\u00e9sit\u00e9 \u00e0 mettre les moyens de mani\u00e8re \u00e0 disposer d\u2019un bateau le plus comp\u00e9titif possible pour le prochain Vend\u00e9e Globe. Cette flotte devrait \u00eatre mise \u00e0 l\u2019eau progressivement \u00e0 partir du printemps 2015. Les premi\u00e8res grandes confrontations pour ces bateaux de nouvelle g\u00e9n\u00e9ration devraient \u00eatre la Transat Jacques Vabre et la Transat B to B de retour du Br\u00e9sil \u00e0 l\u2018automne 2015. Les nouveaux projets :<\/p>\n<ul>\n<li><em>Banque Popula<\/em>ire pour Armel Le Cl\u00e9ac\u2019h (VPLP \u2013 Verdier)<\/li>\n<li><em>Safran<\/em> pour Morgan Lagravi\u00e8re (VPLP \u2013 Verdier)<\/li>\n<li><em>Edmond de Rothschild<\/em> pour S\u00e9bastien Josse (VPLP \u2013 Verdier)<\/li>\n<li><em>Hugo Boss<\/em> pour Alex Thomson (VPLP Verdier)<\/li>\n<li><em>Saint-Michel-Virbac<\/em> pour Jean-Pierre Dick (VPLP \u2013 Verdier)<\/li>\n<li><em>Vento di Sardegna<\/em> pour Andrea Mura (VPLP Verdier)<\/li>\n<li><em>Spirit of Hungary<\/em> pour Nandor Fa (N. Fa &amp; A. Dery)<\/li>\n<\/ul>\n<\/section>\n<div id=\"stcpDiv\">\n<p><strong>Un march\u00e9 de l\u2019occasion actif<\/strong><\/p>\n<p>D\u2019autres ont fait le pari de rester comp\u00e9titifs en misant sur des bateaux de la pr\u00e9c\u00e9dente g\u00e9n\u00e9ration. C\u2019est le cas notamment de Vincent Riou qui repart pour un quatri\u00e8me Vend\u00e9e Globe sur <em>PRB,<\/em> le voilier avec lequel il s\u2019est align\u00e9 au d\u00e9part de l\u2019\u00e9dition 2012-2013.<\/p>\n<p>Autre voilier de cette g\u00e9n\u00e9ration, <em>Ma\u00eetre CoQ<\/em> de J\u00e9r\u00e9mie Beyou, l\u2019ancien <em>Banque Populaire<\/em> qu\u2019Armel le Cl\u00e9ac\u2019h a men\u00e9 \u00e0 la deuxi\u00e8me place du Vend\u00e9e Globe 2012-2013.<\/p>\n<p>Enfin, l\u2019ex <em>Virbac-Paprec 3<\/em> de Jean-Pierre Dick est actuellement entre les mains d\u2019Alex Thomson qui, avec le fid\u00e8le soutien d\u2019Hugo Boss, va tenter d\u2019aligner la Barcelona World Race \u00e0 son palmar\u00e8s.<\/p>\n<p>Plusieurs bateaux de la g\u00e9n\u00e9ration 2007-2008 ont d\u2019ores et d\u00e9j\u00e0 trouv\u00e9 acqu\u00e9reur au prix parfois de s\u00e9rieux lifting.<\/p>\n<p><em>Initiatives-C\u0153ur<\/em> de Tanguy de Lamotte n\u2019est autre que l\u2019ancien <em>Akena V\u00e9randas<\/em> rachet\u00e9 \u00e0 Arnaud Boissi\u00e8res. Ce plan Farr qui avait commenc\u00e9 sa carri\u00e8re aux mains de Vincent Riou en 2008 a \u00e9t\u00e9 profond\u00e9ment modifi\u00e9 puisque le tiers avant du bateau a \u00e9t\u00e9 enti\u00e8rement redessin\u00e9.<\/p>\n<p>M\u00eames modifications pour <em>Chemin\u00e9es Poujoulat<\/em>. Le bateau de Barnard Stamm, lou\u00e9 au groupe de presse Allemand MARE, a remport\u00e9 le Vend\u00e9e Globe 2008-2009 aux mains de Michel Desjoyeaux sous les couleurs de <em>Foncia<\/em>.<\/p>\n<p>Armel Tripon s\u2019est quant \u00e0 lui port\u00e9 acqu\u00e9reur de l\u2019ancien <em>Groupe Bel<\/em> de Kito de Pavant<em>. For Humble Heroes <\/em>cherche encore un partenaire principal dans la perspective du prochain Vend\u00e9e Globe.<\/p>\n<p>Yann Elies vient d\u2019annoncer avoir acquis le <em>Safran<\/em> de Marc Guillemot. Un bateau qui date de 2007 mais qui n\u2019a cess\u00e9 d\u2019\u00eatre am\u00e9lior\u00e9 tout au long de sa carri\u00e8re.<\/p>\n<p>Eric Bellion du projet <em>Comme un seul homme<\/em> a rachet\u00e9 l\u2019ancien <em>DCNS <\/em>de Marc Thiercelin, un plan Finot Conq de 2007.<\/p>\n<p>Enfin, <em>MACIF<\/em>, le vainqueur du dernier Vend\u00e9e Globe est officieusement vendu, m\u00eame si le nom de l\u2019heureux destinataire n\u2019a pas encore \u00e9t\u00e9 d\u00e9voil\u00e9. Ce pourrait \u00eatre la surprise de fin d\u2019ann\u00e9e.<\/p>\n<p><strong>Encore sur le march\u00e9<\/strong><\/p>\n<p>Enfin, apr\u00e8s plusieurs ann\u00e9es de bons et loyaux services, plusieurs unit\u00e9s sont \u00e0 la recherche d\u2019un acqu\u00e9reur. Toutes ces annonces sont actuellement visibles sur le site de l\u2019IMOCA <a href=\"http:\/\/www.imoca.org\/fr\/annonces\/\">http:\/\/www.imoca.org\/fr\/annonces\/<\/a><\/p>\n<p><a href=\"http:\/\/www.imocaoceanmasters.com\/fr\/news\/imoca-change-of-owners#sthash.3Vd6Dv1u.dpuf\" target=\"_blank\" rel=\"noopener\">\u00a9 Imoca Ocean Masters<\/a><\/p>\n<\/div>\n<\/div>\n","protected":false},"excerpt":{"rendered":"<p>Avec la fin de la Route du Rhum \u2013 Destination Guadeloupe, la classe IMOCA se projette maintenant vers l\u2019avenir avec au sommaire, l\u2019imminence de la Barcelona World Race, puis \u00e0 l\u2019horizon 2016 le prochain Vend\u00e9e Globe. \u00a9 Imoca Ocean Masters<\/p>\n","protected":false},"author":3,"featured_media":0,"comment_status":"open","ping_status":"open","sticky":false,"template":"","format":"standard","meta":{"footnotes":""},"categories":[179],"tags":[195,196,197,198],"class_list":["post-2127","post","type-post","status-publish","format-standard","hentry","category-en_news","tag-60-pieds-imoca-en","tag-imoca-en","tag-ocean-masters-en","tag-verdier-en"],"yoast_head":"<!-- This site is optimized with the Yoast SEO plugin v26.8 - https:\/\/yoast.com\/product\/yoast-seo-wordpress\/ -->\n<title>IMOCA - Changements de propri\u00e9taires<\/title>\n<meta name=\"description\" content=\"Avec la fin de la Route du Rhum \u2013 Destination Guadeloupe, la classe IMOCA se projette maintenant vers l\u2019avenir avec au sommaire, l\u2019imminence de la Barcelona World Race, puis \u00e0 l\u2019horizon 2016 le prochain Vend\u00e9e Globe.\" \/>\n<meta name=\"robots\" content=\"index, follow, max-snippet:-1, max-image-preview:large, max-video-preview:-1\" \/>\n<link rel=\"canonical\" href=\"https:\/\/www.guillaumeverdier.com\/en\/imoca-changements-de-proprietaires\/\" \/>\n<meta property=\"og:locale\" content=\"en_US\" \/>\n<meta property=\"og:type\" content=\"article\" \/>\n<meta property=\"og:title\" content=\"IMOCA - Changements de propri\u00e9taires\" \/>\n<meta property=\"og:description\" content=\"Avec la fin de la Route du Rhum \u2013 Destination Guadeloupe, la classe IMOCA se projette maintenant vers l\u2019avenir avec au sommaire, l\u2019imminence de la Barcelona World Race, puis \u00e0 l\u2019horizon 2016 le prochain Vend\u00e9e Globe.\" \/>\n<meta property=\"og:url\" content=\"https:\/\/www.guillaumeverdier.com\/en\/imoca-changements-de-proprietaires\/\" \/>\n<meta property=\"og:site_name\" content=\"Guillaume Verdier\" \/>\n<meta property=\"article:published_time\" content=\"2014-12-05T10:48:22+00:00\" \/>\n<meta property=\"article:modified_time\" content=\"2024-04-04T13:29:28+00:00\" \/>\n<meta name=\"author\" content=\"CT_LaColloc\" \/>\n<meta name=\"twitter:label1\" content=\"Written by\" \/>\n\t<meta name=\"twitter:data1\" content=\"CT_LaColloc\" \/>\n\t<meta name=\"twitter:label2\" content=\"Est. reading time\" \/>\n\t<meta name=\"twitter:data2\" content=\"4 minutes\" \/>\n<script type=\"application\/ld+json\" class=\"yoast-schema-graph\">{\"@context\":\"https:\/\/schema.org\",\"@graph\":[{\"@type\":\"Article\",\"@id\":\"https:\/\/www.guillaumeverdier.com\/en\/imoca-changements-de-proprietaires\/#article\",\"isPartOf\":{\"@id\":\"https:\/\/www.guillaumeverdier.com\/en\/imoca-changements-de-proprietaires\/\"},\"author\":{\"name\":\"CT_LaColloc\",\"@id\":\"https:\/\/www.guillaumeverdier.com\/#\/schema\/person\/9aba4f6da95a77059bc22b1d2cd1feee\"},\"headline\":\"IMOCA &#8211; Changements de propri\u00e9taires\",\"datePublished\":\"2014-12-05T10:48:22+00:00\",\"dateModified\":\"2024-04-04T13:29:28+00:00\",\"mainEntityOfPage\":{\"@id\":\"https:\/\/www.guillaumeverdier.com\/en\/imoca-changements-de-proprietaires\/\"},\"wordCount\":727,\"commentCount\":0,\"keywords\":[\"60 pieds imoca\",\"Imoca\",\"ocean masters\",\"Verdier\"],\"articleSection\":[\"News\"],\"inLanguage\":\"en-US\",\"potentialAction\":[{\"@type\":\"CommentAction\",\"name\":\"Comment\",\"target\":[\"https:\/\/www.guillaumeverdier.com\/en\/imoca-changements-de-proprietaires\/#respond\"]}]},{\"@type\":\"WebPage\",\"@id\":\"https:\/\/www.guillaumeverdier.com\/en\/imoca-changements-de-proprietaires\/\",\"url\":\"https:\/\/www.guillaumeverdier.com\/en\/imoca-changements-de-proprietaires\/\",\"name\":\"IMOCA - Changements de propri\u00e9taires\",\"isPartOf\":{\"@id\":\"https:\/\/www.guillaumeverdier.com\/#website\"},\"datePublished\":\"2014-12-05T10:48:22+00:00\",\"dateModified\":\"2024-04-04T13:29:28+00:00\",\"author\":{\"@id\":\"https:\/\/www.guillaumeverdier.com\/#\/schema\/person\/9aba4f6da95a77059bc22b1d2cd1feee\"},\"description\":\"Avec la fin de la Route du Rhum \u2013 Destination Guadeloupe, la classe IMOCA se projette maintenant vers l\u2019avenir avec au sommaire, l\u2019imminence de la Barcelona World Race, puis \u00e0 l\u2019horizon 2016 le prochain Vend\u00e9e Globe.\",\"breadcrumb\":{\"@id\":\"https:\/\/www.guillaumeverdier.com\/en\/imoca-changements-de-proprietaires\/#breadcrumb\"},\"inLanguage\":\"en-US\",\"potentialAction\":[{\"@type\":\"ReadAction\",\"target\":[\"https:\/\/www.guillaumeverdier.com\/en\/imoca-changements-de-proprietaires\/\"]}]},{\"@type\":\"BreadcrumbList\",\"@id\":\"https:\/\/www.guillaumeverdier.com\/en\/imoca-changements-de-proprietaires\/#breadcrumb\",\"itemListElement\":[{\"@type\":\"ListItem\",\"position\":1,\"name\":\"Accueil\",\"item\":\"https:\/\/www.guillaumeverdier.com\/en\/\"},{\"@type\":\"ListItem\",\"position\":2,\"name\":\"IMOCA &#8211; Changements de propri\u00e9taires\"}]},{\"@type\":\"WebSite\",\"@id\":\"https:\/\/www.guillaumeverdier.com\/#website\",\"url\":\"https:\/\/www.guillaumeverdier.com\/\",\"name\":\"Guillaume Verdier\",\"description\":\"Architecture Navale\",\"potentialAction\":[{\"@type\":\"SearchAction\",\"target\":{\"@type\":\"EntryPoint\",\"urlTemplate\":\"https:\/\/www.guillaumeverdier.com\/?s={search_term_string}\"},\"query-input\":{\"@type\":\"PropertyValueSpecification\",\"valueRequired\":true,\"valueName\":\"search_term_string\"}}],\"inLanguage\":\"en-US\"},{\"@type\":\"Person\",\"@id\":\"https:\/\/www.guillaumeverdier.com\/#\/schema\/person\/9aba4f6da95a77059bc22b1d2cd1feee\",\"name\":\"CT_LaColloc\",\"image\":{\"@type\":\"ImageObject\",\"inLanguage\":\"en-US\",\"@id\":\"https:\/\/www.guillaumeverdier.com\/#\/schema\/person\/image\/\",\"url\":\"https:\/\/secure.gravatar.com\/avatar\/d94cc59732865e17a0aaf8e8e3a9c37f1ead5d34085a205c0cb0c1d409558e95?s=96&d=mm&r=g\",\"contentUrl\":\"https:\/\/secure.gravatar.com\/avatar\/d94cc59732865e17a0aaf8e8e3a9c37f1ead5d34085a205c0cb0c1d409558e95?s=96&d=mm&r=g\",\"caption\":\"CT_LaColloc\"},\"url\":\"https:\/\/www.guillaumeverdier.com\/en\/author\/al_lacolloc\/\"}]}<\/script>\n<!-- \/ Yoast SEO plugin. -->","yoast_head_json":{"title":"IMOCA - Changements de propri\u00e9taires","description":"Avec la fin de la Route du Rhum \u2013 Destination Guadeloupe, la classe IMOCA se projette maintenant vers l\u2019avenir avec au sommaire, l\u2019imminence de la Barcelona World Race, puis \u00e0 l\u2019horizon 2016 le prochain Vend\u00e9e Globe.","robots":{"index":"index","follow":"follow","max-snippet":"max-snippet:-1","max-image-preview":"max-image-preview:large","max-video-preview":"max-video-preview:-1"},"canonical":"https:\/\/www.guillaumeverdier.com\/en\/imoca-changements-de-proprietaires\/","og_locale":"en_US","og_type":"article","og_title":"IMOCA - Changements de propri\u00e9taires","og_description":"Avec la fin de la Route du Rhum \u2013 Destination Guadeloupe, la classe IMOCA se projette maintenant vers l\u2019avenir avec au sommaire, l\u2019imminence de la Barcelona World Race, puis \u00e0 l\u2019horizon 2016 le prochain Vend\u00e9e Globe.","og_url":"https:\/\/www.guillaumeverdier.com\/en\/imoca-changements-de-proprietaires\/","og_site_name":"Guillaume Verdier","article_published_time":"2014-12-05T10:48:22+00:00","article_modified_time":"2024-04-04T13:29:28+00:00","author":"CT_LaColloc","twitter_misc":{"Written by":"CT_LaColloc","Est. reading time":"4 minutes"},"schema":{"@context":"https:\/\/schema.org","@graph":[{"@type":"Article","@id":"https:\/\/www.guillaumeverdier.com\/en\/imoca-changements-de-proprietaires\/#article","isPartOf":{"@id":"https:\/\/www.guillaumeverdier.com\/en\/imoca-changements-de-proprietaires\/"},"author":{"name":"CT_LaColloc","@id":"https:\/\/www.guillaumeverdier.com\/#\/schema\/person\/9aba4f6da95a77059bc22b1d2cd1feee"},"headline":"IMOCA &#8211; Changements de propri\u00e9taires","datePublished":"2014-12-05T10:48:22+00:00","dateModified":"2024-04-04T13:29:28+00:00","mainEntityOfPage":{"@id":"https:\/\/www.guillaumeverdier.com\/en\/imoca-changements-de-proprietaires\/"},"wordCount":727,"commentCount":0,"keywords":["60 pieds imoca","Imoca","ocean masters","Verdier"],"articleSection":["News"],"inLanguage":"en-US","potentialAction":[{"@type":"CommentAction","name":"Comment","target":["https:\/\/www.guillaumeverdier.com\/en\/imoca-changements-de-proprietaires\/#respond"]}]},{"@type":"WebPage","@id":"https:\/\/www.guillaumeverdier.com\/en\/imoca-changements-de-proprietaires\/","url":"https:\/\/www.guillaumeverdier.com\/en\/imoca-changements-de-proprietaires\/","name":"IMOCA - Changements de propri\u00e9taires","isPartOf":{"@id":"https:\/\/www.guillaumeverdier.com\/#website"},"datePublished":"2014-12-05T10:48:22+00:00","dateModified":"2024-04-04T13:29:28+00:00","author":{"@id":"https:\/\/www.guillaumeverdier.com\/#\/schema\/person\/9aba4f6da95a77059bc22b1d2cd1feee"},"description":"Avec la fin de la Route du Rhum \u2013 Destination Guadeloupe, la classe IMOCA se projette maintenant vers l\u2019avenir avec au sommaire, l\u2019imminence de la Barcelona World Race, puis \u00e0 l\u2019horizon 2016 le prochain Vend\u00e9e Globe.","breadcrumb":{"@id":"https:\/\/www.guillaumeverdier.com\/en\/imoca-changements-de-proprietaires\/#breadcrumb"},"inLanguage":"en-US","potentialAction":[{"@type":"ReadAction","target":["https:\/\/www.guillaumeverdier.com\/en\/imoca-changements-de-proprietaires\/"]}]},{"@type":"BreadcrumbList","@id":"https:\/\/www.guillaumeverdier.com\/en\/imoca-changements-de-proprietaires\/#breadcrumb","itemListElement":[{"@type":"ListItem","position":1,"name":"Accueil","item":"https:\/\/www.guillaumeverdier.com\/en\/"},{"@type":"ListItem","position":2,"name":"IMOCA &#8211; Changements de propri\u00e9taires"}]},{"@type":"WebSite","@id":"https:\/\/www.guillaumeverdier.com\/#website","url":"https:\/\/www.guillaumeverdier.com\/","name":"Guillaume Verdier","description":"Architecture Navale","potentialAction":[{"@type":"SearchAction","target":{"@type":"EntryPoint","urlTemplate":"https:\/\/www.guillaumeverdier.com\/?s={search_term_string}"},"query-input":{"@type":"PropertyValueSpecification","valueRequired":true,"valueName":"search_term_string"}}],"inLanguage":"en-US"},{"@type":"Person","@id":"https:\/\/www.guillaumeverdier.com\/#\/schema\/person\/9aba4f6da95a77059bc22b1d2cd1feee","name":"CT_LaColloc","image":{"@type":"ImageObject","inLanguage":"en-US","@id":"https:\/\/www.guillaumeverdier.com\/#\/schema\/person\/image\/","url":"https:\/\/secure.gravatar.com\/avatar\/d94cc59732865e17a0aaf8e8e3a9c37f1ead5d34085a205c0cb0c1d409558e95?s=96&d=mm&r=g","contentUrl":"https:\/\/secure.gravatar.com\/avatar\/d94cc59732865e17a0aaf8e8e3a9c37f1ead5d34085a205c0cb0c1d409558e95?s=96&d=mm&r=g","caption":"CT_LaColloc"},"url":"https:\/\/www.guillaumeverdier.com\/en\/author\/al_lacolloc\/"}]}},"_links":{"self":[{"href":"https:\/\/www.guillaumeverdier.com\/en\/wp-json\/wp\/v2\/posts\/2127","targetHints":{"allow":["GET"]}}],"collection":[{"href":"https:\/\/www.guillaumeverdier.com\/en\/wp-json\/wp\/v2\/posts"}],"about":[{"href":"https:\/\/www.guillaumeverdier.com\/en\/wp-json\/wp\/v2\/types\/post"}],"author":[{"embeddable":true,"href":"https:\/\/www.guillaumeverdier.com\/en\/wp-json\/wp\/v2\/users\/3"}],"replies":[{"embeddable":true,"href":"https:\/\/www.guillaumeverdier.com\/en\/wp-json\/wp\/v2\/comments?post=2127"}],"version-history":[{"count":1,"href":"https:\/\/www.guillaumeverdier.com\/en\/wp-json\/wp\/v2\/posts\/2127\/revisions"}],"predecessor-version":[{"id":8311,"href":"https:\/\/www.guillaumeverdier.com\/en\/wp-json\/wp\/v2\/posts\/2127\/revisions\/8311"}],"wp:attachment":[{"href":"https:\/\/www.guillaumeverdier.com\/en\/wp-json\/wp\/v2\/media?parent=2127"}],"wp:term":[{"taxonomy":"category","embeddable":true,"href":"https:\/\/www.guillaumeverdier.com\/en\/wp-json\/wp\/v2\/categories?post=2127"},{"taxonomy":"post_tag","embeddable":true,"href":"https:\/\/www.guillaumeverdier.com\/en\/wp-json\/wp\/v2\/tags?post=2127"}],"curies":[{"name":"wp","href":"https:\/\/api.w.org\/{rel}","templated":true}]}}